{"id":4946,"date":"2024-01-29T12:19:38","date_gmt":"2024-01-29T11:19:38","guid":{"rendered":"https:\/\/treddy.it\/?p=4946"},"modified":"2024-01-29T12:23:29","modified_gmt":"2024-01-29T11:23:29","slug":"6-febbraio-inaugurazione-mostra-dartedalle-origini-al-futuro-della-stampa-3d","status":"publish","type":"post","link":"https:\/\/treddy.it\/en\/6-febbraio-inaugurazione-mostra-dartedalle-origini-al-futuro-della-stampa-3d\/","title":{"rendered":"6 Febbraio: Inaugurazione Mostra d&#8217;Arte&#8221;Dalle Origini al Futuro della Stampa 3D&#8221;"},"content":{"rendered":"<div data-elementor-type=\"wp-post\" data-elementor-id=\"4946\" class=\"elementor elementor-4946\">\n\t\t\t\t\t\t<section class=\"elementor-section elementor-top-section elementor-element elementor-element-2d187fda elementor-section-height-full elementor-section-items-top elementor-section-boxed elementor-section-height-default\" data-id=\"2d187fda\" data-element_type=\"section\" data-e-type=\"section\">\n\t\t\t\t\t\t<div class=\"elementor-container elementor-column-gap-default\">\n\t\t\t\t\t<div class=\"elementor-column elementor-col-50 elementor-top-column elementor-element elementor-element-50b280d\" data-id=\"50b280d\" data-element_type=\"column\" data-e-type=\"column\">\n\t\t\t<div class=\"elementor-widget-wrap elementor-element-populated\">\n\t\t\t\t\t\t<div class=\"elementor-element elementor-element-6b9fc0b elementor-widget elementor-widget-image\" data-id=\"6b9fc0b\" data-element_type=\"widget\" data-e-type=\"widget\" data-widget_type=\"image.default\">\n\t\t\t\t<div class=\"elementor-widget-container\">\n\t\t\t\t\t\t\t\t\t\t\t\t\t\t\t<img fetchpriority=\"high\" decoding=\"async\" width=\"1080\" height=\"1080\" src=\"https:\/\/mail.treddy.it\/wp-content\/uploads\/2024\/01\/Mauro-Cavina-presenta.jpg\" class=\"attachment-full size-full wp-image-4947\" alt=\"Mostra D&#039;arte Personale di Mauro Cavina: Dalle origini al futuro della stampa 3D\" srcset=\"https:\/\/mail.treddy.it\/wp-content\/uploads\/2024\/01\/Mauro-Cavina-presenta.jpg 1080w, https:\/\/mail.treddy.it\/wp-content\/uploads\/2024\/01\/Mauro-Cavina-presenta-300x300.jpg 300w, https:\/\/mail.treddy.it\/wp-content\/uploads\/2024\/01\/Mauro-Cavina-presenta-1024x1024.jpg 1024w, https:\/\/mail.treddy.it\/wp-content\/uploads\/2024\/01\/Mauro-Cavina-presenta-150x150.jpg 150w, https:\/\/mail.treddy.it\/wp-content\/uploads\/2024\/01\/Mauro-Cavina-presenta-768x768.jpg 768w, https:\/\/mail.treddy.it\/wp-content\/uploads\/2024\/01\/Mauro-Cavina-presenta-12x12.jpg 12w\" sizes=\"(max-width: 1080px) 100vw, 1080px\" \/>\t\t\t\t\t\t\t\t\t\t\t\t\t\t\t<\/div>\n\t\t\t\t<\/div>\n\t\t\t\t\t<\/div>\n\t\t<\/div>\n\t\t\t\t<div class=\"elementor-column elementor-col-50 elementor-top-column elementor-element elementor-element-4377a890\" data-id=\"4377a890\" data-element_type=\"column\" data-e-type=\"column\">\n\t\t\t<div class=\"elementor-widget-wrap elementor-element-populated\">\n\t\t\t\t\t\t<div class=\"elementor-element elementor-element-64828668 elementor-widget elementor-widget-text-editor\" data-id=\"64828668\" data-element_type=\"widget\" data-e-type=\"widget\" data-widget_type=\"text-editor.default\">\n\t\t\t\t<div class=\"elementor-widget-container\">\n\t\t\t\t\t\t\t\t\t<p>Dal 6 al 18 Febbraio Treddy \u00e8 lieta di presentare &#8220;<em><strong>Dalle Origini al Futuro della Stampa 3D<\/strong><\/em>&#8220;, mostra d&#8217;arte personale del nostro collega Mauro Cavina.\u00a0<\/p><p>Con le sue opere Mauro ci condurr\u00e0 in un viaggio attraverso la sua personale esperienza nel mondo della stampa 3D, intrecciando arte, design, industria, architettura, gaming e temi attuali come l&#8217;inquinamento, il cambiamento climatico e il futuro dell&#8217;alimentazione.<\/p><p><span style=\"background-color: var( --e-global-color-c696dce ); font-size: 1rem;\">La mostra aprir\u00e0 le sue porte il <strong>6 Febbraio 2024<\/strong> alle ore 18:00<\/span><\/p><p><strong>Sala mostre del Cassero<\/strong><br \/>Piazza G. Garibaldi n.12<br \/>Castel San Pietro Terme (BO)<\/p><p>La mostra sar\u00e0 aperta <strong>dal luned\u00ec al venerd\u00ec<\/strong> dalle 15:00 alle 21:00 e <strong>il sabato e la domenica<\/strong> dalle 9:00 alle 21:00.<\/p>\t\t\t\t\t\t\t\t<\/div>\n\t\t\t\t<\/div>\n\t\t\t\t<section class=\"elementor-section elementor-inner-section elementor-element elementor-element-ada6f9e elementor-section-boxed elementor-section-height-default elementor-section-height-default\" data-id=\"ada6f9e\" data-element_type=\"section\" data-e-type=\"section\">\n\t\t\t\t\t\t<div class=\"elementor-container elementor-column-gap-default\">\n\t\t\t\t\t<div class=\"elementor-column elementor-col-50 elementor-inner-column elementor-element elementor-element-f82e2a8\" data-id=\"f82e2a8\" data-element_type=\"column\" data-e-type=\"column\">\n\t\t\t<div class=\"elementor-widget-wrap elementor-element-populated\">\n\t\t\t\t\t\t<div class=\"elementor-element elementor-element-8b04b33 elementor-widget elementor-widget-heading\" data-id=\"8b04b33\" data-element_type=\"widget\" data-e-type=\"widget\" data-widget_type=\"heading.default\">\n\t\t\t\t<div class=\"elementor-widget-container\">\n\t\t\t\t\t<div class=\"elementor-heading-title elementor-size-default\">Condividi sui social<\/div>\t\t\t\t<\/div>\n\t\t\t\t<\/div>\n\t\t\t\t\t<\/div>\n\t\t<\/div>\n\t\t\t\t<div class=\"elementor-column elementor-col-50 elementor-inner-column elementor-element elementor-element-7983dc0\" data-id=\"7983dc0\" data-element_type=\"column\" data-e-type=\"column\">\n\t\t\t<div class=\"elementor-widget-wrap elementor-element-populated\">\n\t\t\t\t\t\t<div class=\"elementor-element elementor-element-d8a46fa elementor-widget elementor-widget-elementskit-social-share\" data-id=\"d8a46fa\" data-element_type=\"widget\" data-e-type=\"widget\" data-widget_type=\"elementskit-social-share.default\">\n\t\t\t\t<div class=\"elementor-widget-container\">\n\t\t\t\t\t<div class=\"ekit-wid-con\" >\t\t<ul class=\"ekit_socialshare\">\n                            <li class=\"elementor-repeater-item-a304e2f\" data-social=\"facebook\">\n                    <div class=\"facebook\">\n                        \n                        <i aria-hidden=\"true\" class=\"icon icon-facebook\"><\/i>                        \n                                                                                            <\/div>\n                <\/li>\n                                            <li class=\"elementor-repeater-item-fe13290\" data-social=\"twitter\">\n                    <div class=\"twitter\">\n                        \n                        <i aria-hidden=\"true\" class=\"icon icon-twitter\"><\/i>                        \n                                                                                            <\/div>\n                <\/li>\n                                            <li class=\"elementor-repeater-item-7dde904\" data-social=\"linkedin\">\n                    <div class=\"linkedin\">\n                        \n                        <i aria-hidden=\"true\" class=\"icon icon-linkedin\"><\/i>                        \n                                                                                            <\/div>\n                <\/li>\n                                    <\/ul>\n        <\/div>\t\t\t\t<\/div>\n\t\t\t\t<\/div>\n\t\t\t\t\t<\/div>\n\t\t<\/div>\n\t\t\t\t\t<\/div>\n\t\t<\/section>\n\t\t\t\t\t<\/div>\n\t\t<\/div>\n\t\t\t\t\t<\/div>\n\t\t<\/section>\n\t\t\t\t<\/div>","protected":false},"excerpt":{"rendered":"<p>Il 6 Febbraio Treddy presenta la mostra d&#8217;arte personale di Mauro Cavina &#8220;Dalle origini al futuro della stampa 3D&#8221; presso Castel San Pietro Terme (BO)<\/p>","protected":false},"author":1,"featured_media":4947,"comment_status":"closed","ping_status":"open","sticky":false,"template":"elementor_theme","format":"standard","meta":{"footnotes":""},"categories":[18,17],"tags":[],"class_list":["post-4946","post","type-post","status-publish","format-standard","has-post-thumbnail","hentry","category-eventi","category-news"],"aioseo_notices":[],"_links":{"self":[{"href":"https:\/\/treddy.it\/en\/wp-json\/wp\/v2\/posts\/4946","targetHints":{"allow":["GET"]}}],"collection":[{"href":"https:\/\/treddy.it\/en\/wp-json\/wp\/v2\/posts"}],"about":[{"href":"https:\/\/treddy.it\/en\/wp-json\/wp\/v2\/types\/post"}],"author":[{"embeddable":true,"href":"https:\/\/treddy.it\/en\/wp-json\/wp\/v2\/users\/1"}],"replies":[{"embeddable":true,"href":"https:\/\/treddy.it\/en\/wp-json\/wp\/v2\/comments?post=4946"}],"version-history":[{"count":4,"href":"https:\/\/treddy.it\/en\/wp-json\/wp\/v2\/posts\/4946\/revisions"}],"predecessor-version":[{"id":4951,"href":"https:\/\/treddy.it\/en\/wp-json\/wp\/v2\/posts\/4946\/revisions\/4951"}],"wp:featuredmedia":[{"embeddable":true,"href":"https:\/\/treddy.it\/en\/wp-json\/wp\/v2\/media\/4947"}],"wp:attachment":[{"href":"https:\/\/treddy.it\/en\/wp-json\/wp\/v2\/media?parent=4946"}],"wp:term":[{"taxonomy":"category","embeddable":true,"href":"https:\/\/treddy.it\/en\/wp-json\/wp\/v2\/categories?post=4946"},{"taxonomy":"post_tag","embeddable":true,"href":"https:\/\/treddy.it\/en\/wp-json\/wp\/v2\/tags?post=4946"}],"curies":[{"name":"wp","href":"https:\/\/api.w.org\/{rel}","templated":true}]}}