{"id":5540,"date":"2024-02-15T11:50:42","date_gmt":"2024-02-15T10:50:42","guid":{"rendered":"https:\/\/treddy.it\/?p=5540"},"modified":"2024-02-16T14:40:58","modified_gmt":"2024-02-16T13:40:58","slug":"13-febbraio-treddy-incontra-il-ministro-locatelli","status":"publish","type":"post","link":"https:\/\/treddy.it\/en\/13-febbraio-treddy-incontra-il-ministro-locatelli\/","title":{"rendered":"13 Febbraio: Treddy incontra il Ministro Locatelli"},"content":{"rendered":"<div data-elementor-type=\"wp-post\" data-elementor-id=\"5540\" class=\"elementor elementor-5540\">\n\t\t\t\t\t\t<section class=\"elementor-section elementor-top-section elementor-element elementor-element-2d187fda elementor-section-height-full elementor-section-items-top elementor-section-boxed elementor-section-height-default\" data-id=\"2d187fda\" data-element_type=\"section\" data-e-type=\"section\">\n\t\t\t\t\t\t<div class=\"elementor-container elementor-column-gap-default\">\n\t\t\t\t\t<div class=\"elementor-column elementor-col-50 elementor-top-column elementor-element elementor-element-50b280d\" data-id=\"50b280d\" data-element_type=\"column\" data-e-type=\"column\">\n\t\t\t<div class=\"elementor-widget-wrap elementor-element-populated\">\n\t\t\t\t\t\t<div class=\"elementor-element elementor-element-6b9fc0b elementor-widget elementor-widget-image\" data-id=\"6b9fc0b\" data-element_type=\"widget\" data-e-type=\"widget\" data-widget_type=\"image.default\">\n\t\t\t\t<div class=\"elementor-widget-container\">\n\t\t\t\t\t\t\t\t\t\t\t\t\t\t\t<img fetchpriority=\"high\" decoding=\"async\" width=\"700\" height=\"700\" src=\"https:\/\/mail.treddy.it\/wp-content\/uploads\/2024\/02\/Ministro-Disabilita.jpg\" class=\"attachment-full size-full wp-image-5541\" alt=\"Alessandra Locatelli, ministro per le disabilit\u00e0, sfoglia la brochure di treddy\" srcset=\"https:\/\/mail.treddy.it\/wp-content\/uploads\/2024\/02\/Ministro-Disabilita.jpg 700w, https:\/\/mail.treddy.it\/wp-content\/uploads\/2024\/02\/Ministro-Disabilita-300x300.jpg 300w, https:\/\/mail.treddy.it\/wp-content\/uploads\/2024\/02\/Ministro-Disabilita-150x150.jpg 150w, https:\/\/mail.treddy.it\/wp-content\/uploads\/2024\/02\/Ministro-Disabilita-12x12.jpg 12w\" sizes=\"(max-width: 700px) 100vw, 700px\" \/>\t\t\t\t\t\t\t\t\t\t\t\t\t\t\t<\/div>\n\t\t\t\t<\/div>\n\t\t\t\t\t<\/div>\n\t\t<\/div>\n\t\t\t\t<div class=\"elementor-column elementor-col-50 elementor-top-column elementor-element elementor-element-4377a890\" data-id=\"4377a890\" data-element_type=\"column\" data-e-type=\"column\">\n\t\t\t<div class=\"elementor-widget-wrap elementor-element-populated\">\n\t\t\t\t\t\t<div class=\"elementor-element elementor-element-64828668 elementor-widget elementor-widget-text-editor\" data-id=\"64828668\" data-element_type=\"widget\" data-e-type=\"widget\" data-widget_type=\"text-editor.default\">\n\t\t\t\t<div class=\"elementor-widget-container\">\n\t\t\t\t\t\t\t\t\t<div>\n<div dir=\"auto\"><p>Momenti straordinari ed emozionanti, ieri pomeriggio a Roma, dove Treddy, nell&#8217;ambito del progetto Salvator Mundi, ha incontrato l&#8217;On. <b>Alessandra Locatelli<\/b>, <b>Ministro per le Disabilit\u00e0<\/b> della Repubblica Italiana.<\/p><p>Proprio in questi mesi, qui in Treddy, ci stiamo impegnando nel settore delle Protesi e Ortesi, poich\u00e9 crediamo fermamente nei vantaggi che la stampa 3D pu\u00f2 concretamente offrire a chi necessita di supporti e ausili alla mobilit\u00e0.<\/p>\n<\/div>\n<\/div>\t\t\t\t\t\t\t\t<\/div>\n\t\t\t\t<\/div>\n\t\t\t\t<section class=\"elementor-section elementor-inner-section elementor-element elementor-element-ada6f9e elementor-section-boxed elementor-section-height-default elementor-section-height-default\" data-id=\"ada6f9e\" data-element_type=\"section\" data-e-type=\"section\">\n\t\t\t\t\t\t<div class=\"elementor-container elementor-column-gap-default\">\n\t\t\t\t\t<div class=\"elementor-column elementor-col-50 elementor-inner-column elementor-element elementor-element-f82e2a8\" data-id=\"f82e2a8\" data-element_type=\"column\" data-e-type=\"column\">\n\t\t\t<div class=\"elementor-widget-wrap elementor-element-populated\">\n\t\t\t\t\t\t<div class=\"elementor-element elementor-element-8b04b33 elementor-widget elementor-widget-heading\" data-id=\"8b04b33\" data-element_type=\"widget\" data-e-type=\"widget\" data-widget_type=\"heading.default\">\n\t\t\t\t<div class=\"elementor-widget-container\">\n\t\t\t\t\t<div class=\"elementor-heading-title elementor-size-default\">Condividi sui social<\/div>\t\t\t\t<\/div>\n\t\t\t\t<\/div>\n\t\t\t\t\t<\/div>\n\t\t<\/div>\n\t\t\t\t<div class=\"elementor-column elementor-col-50 elementor-inner-column elementor-element elementor-element-7983dc0\" data-id=\"7983dc0\" data-element_type=\"column\" data-e-type=\"column\">\n\t\t\t<div class=\"elementor-widget-wrap elementor-element-populated\">\n\t\t\t\t\t\t<div class=\"elementor-element elementor-element-d8a46fa elementor-widget elementor-widget-elementskit-social-share\" data-id=\"d8a46fa\" data-element_type=\"widget\" data-e-type=\"widget\" data-widget_type=\"elementskit-social-share.default\">\n\t\t\t\t<div class=\"elementor-widget-container\">\n\t\t\t\t\t<div class=\"ekit-wid-con\" >\t\t<ul class=\"ekit_socialshare\">\n                            <li class=\"elementor-repeater-item-a304e2f\" data-social=\"facebook\">\n                    <div class=\"facebook\">\n                        \n                        <i aria-hidden=\"true\" class=\"icon icon-facebook\"><\/i>                        \n                                                                                            <\/div>\n                <\/li>\n                                            <li class=\"elementor-repeater-item-fe13290\" data-social=\"twitter\">\n                    <div class=\"twitter\">\n                        \n                        <i aria-hidden=\"true\" class=\"icon icon-twitter\"><\/i>                        \n                                                                                            <\/div>\n                <\/li>\n                                            <li class=\"elementor-repeater-item-7dde904\" data-social=\"linkedin\">\n                    <div class=\"linkedin\">\n                        \n                        <i aria-hidden=\"true\" class=\"icon icon-linkedin\"><\/i>                        \n                                                                                            <\/div>\n                <\/li>\n                                    <\/ul>\n        <\/div>\t\t\t\t<\/div>\n\t\t\t\t<\/div>\n\t\t\t\t\t<\/div>\n\t\t<\/div>\n\t\t\t\t\t<\/div>\n\t\t<\/section>\n\t\t\t\t\t<\/div>\n\t\t<\/div>\n\t\t\t\t\t<\/div>\n\t\t<\/section>\n\t\t\t\t<\/div>","protected":false},"excerpt":{"rendered":"<p>Marted\u00ec 13 Febbraio Treddy \u00e8 stata ospite dell&#8217;On. Alessandra Locatelli, Ministro per le Disabilit\u00e0 della Repubblica Italiana.<\/p>","protected":false},"author":1,"featured_media":5541,"comment_status":"closed","ping_status":"open","sticky":false,"template":"elementor_theme","format":"standard","meta":{"footnotes":""},"categories":[18,17],"tags":[],"class_list":["post-5540","post","type-post","status-publish","format-standard","has-post-thumbnail","hentry","category-eventi","category-news"],"aioseo_notices":[],"_links":{"self":[{"href":"https:\/\/treddy.it\/en\/wp-json\/wp\/v2\/posts\/5540","targetHints":{"allow":["GET"]}}],"collection":[{"href":"https:\/\/treddy.it\/en\/wp-json\/wp\/v2\/posts"}],"about":[{"href":"https:\/\/treddy.it\/en\/wp-json\/wp\/v2\/types\/post"}],"author":[{"embeddable":true,"href":"https:\/\/treddy.it\/en\/wp-json\/wp\/v2\/users\/1"}],"replies":[{"embeddable":true,"href":"https:\/\/treddy.it\/en\/wp-json\/wp\/v2\/comments?post=5540"}],"version-history":[{"count":13,"href":"https:\/\/treddy.it\/en\/wp-json\/wp\/v2\/posts\/5540\/revisions"}],"predecessor-version":[{"id":5562,"href":"https:\/\/treddy.it\/en\/wp-json\/wp\/v2\/posts\/5540\/revisions\/5562"}],"wp:featuredmedia":[{"embeddable":true,"href":"https:\/\/treddy.it\/en\/wp-json\/wp\/v2\/media\/5541"}],"wp:attachment":[{"href":"https:\/\/treddy.it\/en\/wp-json\/wp\/v2\/media?parent=5540"}],"wp:term":[{"taxonomy":"category","embeddable":true,"href":"https:\/\/treddy.it\/en\/wp-json\/wp\/v2\/categories?post=5540"},{"taxonomy":"post_tag","embeddable":true,"href":"https:\/\/treddy.it\/en\/wp-json\/wp\/v2\/tags?post=5540"}],"curies":[{"name":"wp","href":"https:\/\/api.w.org\/{rel}","templated":true}]}}